{"id":22288,"date":"2026-04-23T18:59:10","date_gmt":"2026-04-23T21:59:10","guid":{"rendered":"https:\/\/annp.gov.py\/?p=22288"},"modified":"2026-04-24T08:17:49","modified_gmt":"2026-04-24T11:17:49","slug":"titular-de-puertos-participo-en-acto-de-la-caballeria","status":"publish","type":"post","link":"https:\/\/annp.gov.py\/?p=22288","title":{"rendered":"TITULAR DE PUERTOS PARTICIP\u00d3 EN ACTO DE LA CABALLER\u00cdA"},"content":{"rendered":"\n<p>En la ma\u00f1ana de este jueves tuvo lugar una ceremonia cargada de fe, tradici\u00f3n y compromiso en una jornada de conmemoraci\u00f3n y gratitud.<\/p>\n\n\n\n<p>En el Cuartel General del Comando del Ej\u00e9rcito se vivi\u00f3 la procesi\u00f3n y posterior Misa Central en honor a San Jorge, Santo Patrono del Arma de Caballer\u00eda y del Ej\u00e9rcito realizada en la Parroquia \u201cSan Jorge\u201d.<\/p>\n\n\n\n<p>La celebraci\u00f3n reuni\u00f3 a altas autoridades nacionales, militares y fieles, en un ambiente de profunda devoci\u00f3n y unidad.<\/p>\n\n\n\n<p>El acto religioso fue presidido por Su Eminencia, el Cardenal Adalberto Mart\u00ednez Flores, y cont\u00f3 con la presencia del Ministro de Defensa Nacional, Gral. Ej. (R) \u00d3scar Gonz\u00e1lez; el Comandante del Ej\u00e9rcito, Gral. Ej. Manuel Rodr\u00edguez; Oficiales, suboficiales, soldados y feligreses.<\/p>\n\n\n\n<p>En representaci\u00f3n de la Administraci\u00f3n Nacional de Navegaci\u00f3n y Puertos (ANNP), se destac\u00f3 la presencia de su presidente, el Ing. Julio C\u00e9sar Vera C\u00e1ceres, acompa\u00f1ando esta significativa celebraci\u00f3n que resalta los valores de fe, disciplina y servicio a la patria.<\/p>\n\n\n\n<p>En la misma jornada, adem\u00e1s de honrar a San Jorge como Santo Patrono del Ej\u00e9rcito, tambi\u00e9n se record\u00f3 el d\u00eda de San Adalberto, santo del Cardenal Adalberto Martinez, reforzando el sentido espiritual de esta fecha tan especial para la comunidad religiosa.<\/p>\n\n\n\n<p>Asimismo, se resalt\u00f3 un momento de especial significado con la conmemoraci\u00f3n de los 34 a\u00f1os de ordenaci\u00f3n sacerdotal del Pbro. Dr. Cnel. (R) C\u00e9sar Nery Villagra Cantero, Decano de la Facultad de Teolog\u00eda de la UCA y cura p\u00e1rroco de la Iglesia San Jorge, destacando su vida de entrega, amor y compromiso al servicio de Dios y de su pueblo.<\/p>\n\n\n\n<p>Una jornada que invita a renovar los valores que fortalecen nuestras instituciones y a elevar una oraci\u00f3n de gratitud por quienes dedican su vida al servicio con vocaci\u00f3n y fe.<\/p>\n\n\n\n<h1 class=\"wp-block-heading\">ANNP<\/h1>\n\n\n\n<h1 class=\"wp-block-heading\">GobiernoDelParaguay<\/h1>\n\n\n\n<figure class=\"wp-block-image size-full\"><a href=\"https:\/\/annp.gov.py\/wp-content\/uploads\/2026\/04\/IMG_3478.jpeg\"><img fetchpriority=\"high\" decoding=\"async\" width=\"960\" height=\"742\" src=\"https:\/\/annp.gov.py\/wp-content\/uploads\/2026\/04\/IMG_3478.jpeg\" alt=\"\" class=\"wp-image-22290\" srcset=\"https:\/\/annp.gov.py\/wp-content\/uploads\/2026\/04\/IMG_3478.jpeg 960w, https:\/\/annp.gov.py\/wp-content\/uploads\/2026\/04\/IMG_3478-300x232.jpeg 300w, https:\/\/annp.gov.py\/wp-content\/uploads\/2026\/04\/IMG_3478-768x594.jpeg 768w\" sizes=\"(max-width: 960px) 100vw, 960px\" \/><\/a><\/figure>\n\n\n\n<figure class=\"wp-block-image size-large\"><a href=\"https:\/\/annp.gov.py\/wp-content\/uploads\/2026\/04\/IMG_3480.jpeg\"><img decoding=\"async\" width=\"1024\" height=\"683\" src=\"https:\/\/annp.gov.py\/wp-content\/uploads\/2026\/04\/IMG_3480-1024x683.jpeg\" alt=\"\" class=\"wp-image-22291\" srcset=\"https:\/\/annp.gov.py\/wp-content\/uploads\/2026\/04\/IMG_3480-1024x683.jpeg 1024w, https:\/\/annp.gov.py\/wp-content\/uploads\/2026\/04\/IMG_3480-300x200.jpeg 300w, https:\/\/annp.gov.py\/wp-content\/uploads\/2026\/04\/IMG_3480-768x512.jpeg 768w, https:\/\/annp.gov.py\/wp-content\/uploads\/2026\/04\/IMG_3480-1200x800.jpeg 1200w, https:\/\/annp.gov.py\/wp-content\/uploads\/2026\/04\/IMG_3480.jpeg 1280w\" sizes=\"(max-width: 1024px) 100vw, 1024px\" \/><\/a><\/figure>\n\n\n\n<figure class=\"wp-block-image size-full\"><a href=\"https:\/\/annp.gov.py\/wp-content\/uploads\/2026\/04\/IMG_3477.jpeg\"><img decoding=\"async\" width=\"960\" height=\"616\" src=\"https:\/\/annp.gov.py\/wp-content\/uploads\/2026\/04\/IMG_3477.jpeg\" alt=\"\" class=\"wp-image-22292\" srcset=\"https:\/\/annp.gov.py\/wp-content\/uploads\/2026\/04\/IMG_3477.jpeg 960w, https:\/\/annp.gov.py\/wp-content\/uploads\/2026\/04\/IMG_3477-300x193.jpeg 300w, https:\/\/annp.gov.py\/wp-content\/uploads\/2026\/04\/IMG_3477-768x493.jpeg 768w\" sizes=\"(max-width: 960px) 100vw, 960px\" \/><\/a><\/figure>\n\n\n\n<figure class=\"wp-block-image size-full\"><a href=\"https:\/\/annp.gov.py\/wp-content\/uploads\/2026\/04\/IMG_3475.jpeg\"><img loading=\"lazy\" decoding=\"async\" width=\"960\" height=\"720\" src=\"https:\/\/annp.gov.py\/wp-content\/uploads\/2026\/04\/IMG_3475.jpeg\" alt=\"\" class=\"wp-image-22294\" srcset=\"https:\/\/annp.gov.py\/wp-content\/uploads\/2026\/04\/IMG_3475.jpeg 960w, https:\/\/annp.gov.py\/wp-content\/uploads\/2026\/04\/IMG_3475-300x225.jpeg 300w, https:\/\/annp.gov.py\/wp-content\/uploads\/2026\/04\/IMG_3475-768x576.jpeg 768w\" sizes=\"(max-width: 960px) 100vw, 960px\" \/><\/a><\/figure>\n","protected":false},"excerpt":{"rendered":"<p>En la ma\u00f1ana de este jueves tuvo lugar una ceremonia cargada de fe, tradici\u00f3n y compromiso en una jornada de conmemoraci\u00f3n y gratitud. En el Cuartel General del Comando del Ej\u00e9rcito se vivi\u00f3 la procesi\u00f3n y posterior Misa Central en honor a San Jorge, Santo Patrono del Arma de Caballer\u00eda y del Ej\u00e9rcito realizada en [&hellip;]<\/p>\n","protected":false},"author":6,"featured_media":22290,"comment_status":"open","ping_status":"closed","sticky":false,"template":"","format":"standard","meta":{"inline_featured_image":false,"footnotes":""},"categories":[35],"tags":[],"class_list":["post-22288","post","type-post","status-publish","format-standard","has-post-thumbnail","hentry","category-noticias"],"_links":{"self":[{"href":"https:\/\/annp.gov.py\/index.php?rest_route=\/wp\/v2\/posts\/22288","targetHints":{"allow":["GET"]}}],"collection":[{"href":"https:\/\/annp.gov.py\/index.php?rest_route=\/wp\/v2\/posts"}],"about":[{"href":"https:\/\/annp.gov.py\/index.php?rest_route=\/wp\/v2\/types\/post"}],"author":[{"embeddable":true,"href":"https:\/\/annp.gov.py\/index.php?rest_route=\/wp\/v2\/users\/6"}],"replies":[{"embeddable":true,"href":"https:\/\/annp.gov.py\/index.php?rest_route=%2Fwp%2Fv2%2Fcomments&post=22288"}],"version-history":[{"count":3,"href":"https:\/\/annp.gov.py\/index.php?rest_route=\/wp\/v2\/posts\/22288\/revisions"}],"predecessor-version":[{"id":22295,"href":"https:\/\/annp.gov.py\/index.php?rest_route=\/wp\/v2\/posts\/22288\/revisions\/22295"}],"wp:featuredmedia":[{"embeddable":true,"href":"https:\/\/annp.gov.py\/index.php?rest_route=\/wp\/v2\/media\/22290"}],"wp:attachment":[{"href":"https:\/\/annp.gov.py\/index.php?rest_route=%2Fwp%2Fv2%2Fmedia&parent=22288"}],"wp:term":[{"taxonomy":"category","embeddable":true,"href":"https:\/\/annp.gov.py\/index.php?rest_route=%2Fwp%2Fv2%2Fcategories&post=22288"},{"taxonomy":"post_tag","embeddable":true,"href":"https:\/\/annp.gov.py\/index.php?rest_route=%2Fwp%2Fv2%2Ftags&post=22288"}],"curies":[{"name":"wp","href":"https:\/\/api.w.org\/{rel}","templated":true}]}}