{"id":3790,"date":"2025-06-09T16:23:00","date_gmt":"2025-06-09T16:23:00","guid":{"rendered":"https:\/\/annp.gov.py\/?p=3790"},"modified":"2025-06-11T19:03:27","modified_gmt":"2025-06-11T19:03:27","slug":"titular-de-puertos-participo-en-inauguracion-de-la-oficina-de-punto-de-inspeccion-del-senave-en-ita-enramada","status":"publish","type":"post","link":"https:\/\/annp.gov.py\/?p=3790","title":{"rendered":"TITULAR DE PUERTOS PARTICIP\u00d3 EN INAUGURACI\u00d3N DE LA OFICINA DE PUNTO DE INSPECCI\u00d3N DEL SENAVE EN IT\u00c1 ENRAMADA"},"content":{"rendered":"\n<p>En la jornada de este lunes, el Presidente de la Administraci\u00f3n Nacional de Navegaci\u00f3n y Puertos, Ing. Julio C\u00e9sar Vera C\u00e1ceres particip\u00f3 de la inauguraci\u00f3n de la Oficina de Punto de Inspecci\u00f3n del SENAVE en la Terminal Portuaria de It\u00e1 Enramada.<\/p>\n\n\n\n<p>El acto cont\u00f3 con la presencia del Ministro de Agricultura, Carlos Gim\u00e9nez, el titular del SENAVE, Ing. Pastor Soria, el Prefecto, Calte. Oscar Chamorro y representantes de otras Instituciones del Estado y del Sector Privado.<\/p>\n\n\n\n<p>El Ing. Vera C\u00e1ceres destac\u00f3 el trabajo fraterno y constante entre las Instituciones del Estado siguiendo las precisas instrucciones del Presidente de la Rep\u00fablica, Don Santiago Pe\u00f1a, finalmente manifest\u00f3 que esta inversi\u00f3n es un paso clave para reforzar los controles fitosanitarios y proteger la producci\u00f3n nacional.<\/p>\n\n\n\n<p>Acompa\u00f1aron al presidente de la ANNP, el Director, Valte. (R) Manuel Jes\u00fas Royg, la Jefa de Gabinete, Dra. Laura Battilana, el Gerente de Navegaci\u00f3n e hidrograf\u00eda, Lic. Rodolfo G\u00f3mez, el Gerente de Operaciones, Lic. Belarmino Duarte, el Gerente de Obras, Ing. Carlos Sald\u00edvar, el Gerente T\u00e9cnico, Lic. Marcos Mart\u00ednez, el Sub Gerente de Puertos del Interior, Raul Rojas, la Lic. Mar\u00eda Duarte de la Secretaria Privada, el Administrador de la Terminal Portuaria de It\u00e1 Enramada, Andr\u00e9s Romero y otros funcionarios de la Instituci\u00f3n.<\/p>\n\n\n\n<p><a href=\"https:\/\/www.facebook.com\/hashtag\/annp?__eep__=6&amp;__cft__[0]=AZV-y3vesI7jXZn2x95FkxiQ_oE9RICgvc1nDGwdP3fetAjryODxdvRogAGKJtskvU-93JavGIO9SONK3KSSSHAyeRU5W_2ps6x5bIjhtlVCPZC87iizpqNlS_ge6_SRzIU3YRhNAjl7LQ-ow2JAQX0hOnmmmCgsQojiA0xyuKsvqYpODGNIJhWlzv0XVJRbpCs&amp;__tn__=*NK-R\">#ANNP<\/a><\/p>\n\n\n\n<p><a href=\"https:\/\/www.facebook.com\/hashtag\/gobiernodelparaguay?__eep__=6&amp;__cft__[0]=AZV-y3vesI7jXZn2x95FkxiQ_oE9RICgvc1nDGwdP3fetAjryODxdvRogAGKJtskvU-93JavGIO9SONK3KSSSHAyeRU5W_2ps6x5bIjhtlVCPZC87iizpqNlS_ge6_SRzIU3YRhNAjl7LQ-ow2JAQX0hOnmmmCgsQojiA0xyuKsvqYpODGNIJhWlzv0XVJRbpCs&amp;__tn__=*NK-R\">#GobiernoDelParaguay<\/a><\/p>\n\n\n\n<figure class=\"wp-block-image size-large\"><a href=\"https:\/\/annp.gov.py\/wp-content\/uploads\/2025\/06\/505986906_748586884171403_2856346222854056594_n.jpg\"><img fetchpriority=\"high\" decoding=\"async\" width=\"1024\" height=\"768\" src=\"https:\/\/annp.gov.py\/wp-content\/uploads\/2025\/06\/505986906_748586884171403_2856346222854056594_n-1024x768.jpg\" alt=\"\" class=\"wp-image-3794\" srcset=\"https:\/\/annp.gov.py\/wp-content\/uploads\/2025\/06\/505986906_748586884171403_2856346222854056594_n-1024x768.jpg 1024w, https:\/\/annp.gov.py\/wp-content\/uploads\/2025\/06\/505986906_748586884171403_2856346222854056594_n-300x225.jpg 300w, https:\/\/annp.gov.py\/wp-content\/uploads\/2025\/06\/505986906_748586884171403_2856346222854056594_n-768x576.jpg 768w, https:\/\/annp.gov.py\/wp-content\/uploads\/2025\/06\/505986906_748586884171403_2856346222854056594_n-1536x1152.jpg 1536w, https:\/\/annp.gov.py\/wp-content\/uploads\/2025\/06\/505986906_748586884171403_2856346222854056594_n.jpg 2048w\" sizes=\"(max-width: 1024px) 100vw, 1024px\" \/><\/a><\/figure>\n\n\n\n<figure class=\"wp-block-image size-large\"><a href=\"https:\/\/annp.gov.py\/wp-content\/uploads\/2025\/06\/505577376_748586914171400_3777304682632200420_n.jpg\"><img decoding=\"async\" width=\"1024\" height=\"682\" src=\"https:\/\/annp.gov.py\/wp-content\/uploads\/2025\/06\/505577376_748586914171400_3777304682632200420_n-1024x682.jpg\" alt=\"\" class=\"wp-image-3798\" srcset=\"https:\/\/annp.gov.py\/wp-content\/uploads\/2025\/06\/505577376_748586914171400_3777304682632200420_n-1024x682.jpg 1024w, https:\/\/annp.gov.py\/wp-content\/uploads\/2025\/06\/505577376_748586914171400_3777304682632200420_n-300x200.jpg 300w, https:\/\/annp.gov.py\/wp-content\/uploads\/2025\/06\/505577376_748586914171400_3777304682632200420_n-768x512.jpg 768w, https:\/\/annp.gov.py\/wp-content\/uploads\/2025\/06\/505577376_748586914171400_3777304682632200420_n-1200x800.jpg 1200w, https:\/\/annp.gov.py\/wp-content\/uploads\/2025\/06\/505577376_748586914171400_3777304682632200420_n.jpg 1439w\" sizes=\"(max-width: 1024px) 100vw, 1024px\" \/><\/a><\/figure>\n\n\n\n<figure class=\"wp-block-image size-large\"><a href=\"https:\/\/annp.gov.py\/wp-content\/uploads\/2025\/06\/505579825_748586897504735_3183783334790875163_n.jpg\"><img decoding=\"async\" width=\"1024\" height=\"682\" src=\"https:\/\/annp.gov.py\/wp-content\/uploads\/2025\/06\/505579825_748586897504735_3183783334790875163_n-1024x682.jpg\" alt=\"\" class=\"wp-image-3800\" srcset=\"https:\/\/annp.gov.py\/wp-content\/uploads\/2025\/06\/505579825_748586897504735_3183783334790875163_n-1024x682.jpg 1024w, https:\/\/annp.gov.py\/wp-content\/uploads\/2025\/06\/505579825_748586897504735_3183783334790875163_n-300x200.jpg 300w, https:\/\/annp.gov.py\/wp-content\/uploads\/2025\/06\/505579825_748586897504735_3183783334790875163_n-768x512.jpg 768w, https:\/\/annp.gov.py\/wp-content\/uploads\/2025\/06\/505579825_748586897504735_3183783334790875163_n-1200x800.jpg 1200w, https:\/\/annp.gov.py\/wp-content\/uploads\/2025\/06\/505579825_748586897504735_3183783334790875163_n.jpg 1439w\" sizes=\"(max-width: 1024px) 100vw, 1024px\" \/><\/a><\/figure>\n","protected":false},"excerpt":{"rendered":"<p>En la jornada de este lunes, el Presidente de la Administraci\u00f3n Nacional de Navegaci\u00f3n y Puertos, Ing. Julio C\u00e9sar Vera C\u00e1ceres particip\u00f3 de la inauguraci\u00f3n de la Oficina de Punto de Inspecci\u00f3n del SENAVE en la Terminal Portuaria de It\u00e1 Enramada. El acto cont\u00f3 con la presencia del Ministro de Agricultura, Carlos Gim\u00e9nez, el titular [&hellip;]<\/p>\n","protected":false},"author":6,"featured_media":3794,"comment_status":"open","ping_status":"closed","sticky":false,"template":"","format":"standard","meta":{"inline_featured_image":false,"footnotes":""},"categories":[35],"tags":[],"class_list":["post-3790","post","type-post","status-publish","format-standard","has-post-thumbnail","hentry","category-noticias"],"_links":{"self":[{"href":"https:\/\/annp.gov.py\/index.php?rest_route=\/wp\/v2\/posts\/3790","targetHints":{"allow":["GET"]}}],"collection":[{"href":"https:\/\/annp.gov.py\/index.php?rest_route=\/wp\/v2\/posts"}],"about":[{"href":"https:\/\/annp.gov.py\/index.php?rest_route=\/wp\/v2\/types\/post"}],"author":[{"embeddable":true,"href":"https:\/\/annp.gov.py\/index.php?rest_route=\/wp\/v2\/users\/6"}],"replies":[{"embeddable":true,"href":"https:\/\/annp.gov.py\/index.php?rest_route=%2Fwp%2Fv2%2Fcomments&post=3790"}],"version-history":[{"count":9,"href":"https:\/\/annp.gov.py\/index.php?rest_route=\/wp\/v2\/posts\/3790\/revisions"}],"predecessor-version":[{"id":3802,"href":"https:\/\/annp.gov.py\/index.php?rest_route=\/wp\/v2\/posts\/3790\/revisions\/3802"}],"wp:featuredmedia":[{"embeddable":true,"href":"https:\/\/annp.gov.py\/index.php?rest_route=\/wp\/v2\/media\/3794"}],"wp:attachment":[{"href":"https:\/\/annp.gov.py\/index.php?rest_route=%2Fwp%2Fv2%2Fmedia&parent=3790"}],"wp:term":[{"taxonomy":"category","embeddable":true,"href":"https:\/\/annp.gov.py\/index.php?rest_route=%2Fwp%2Fv2%2Fcategories&post=3790"},{"taxonomy":"post_tag","embeddable":true,"href":"https:\/\/annp.gov.py\/index.php?rest_route=%2Fwp%2Fv2%2Ftags&post=3790"}],"curies":[{"name":"wp","href":"https:\/\/api.w.org\/{rel}","templated":true}]}}