{"id":5399,"date":"2025-08-24T11:30:39","date_gmt":"2025-08-24T14:30:39","guid":{"rendered":"https:\/\/annp.gov.py\/?p=5399"},"modified":"2025-08-25T14:16:42","modified_gmt":"2025-08-25T17:16:42","slug":"brillante-cierre-de-los-juegos-panamericanos","status":"publish","type":"post","link":"https:\/\/annp.gov.py\/?p=5399","title":{"rendered":"BRILLANTE CIERRE DE LOS JUEGOS PANAMERICANOS"},"content":{"rendered":"\n<p>El Titular de la Administraci\u00f3n Nacional de Navegaci\u00f3n y Puertos, Ing. Julio C\u00e9sar Vera C\u00e1ceres particip\u00f3 de la ceremonia de clausura de los Juegos Panamericanos Junior ASU 2025, el evento cont\u00f3 con la presencia del presidente de la Rep\u00fablica Santiago Pe\u00f1a, con esta ceremonia Paraguay se despidi\u00f3 de esta cita deportiva donde con orgullo la ANNP acompa\u00f1\u00f3 nuevamente un evento inolvidable para nuestro pa\u00eds.<\/p>\n\n\n\n<h1 class=\"wp-block-heading\">ANNP<\/h1>\n\n\n\n<h1 class=\"wp-block-heading\">GobiernoDelParaguay<\/h1>\n\n\n\n<figure class=\"wp-block-image size-large\"><a href=\"https:\/\/annp.gov.py\/wp-content\/uploads\/2025\/08\/IMG_2530.jpeg\"><img fetchpriority=\"high\" decoding=\"async\" width=\"1024\" height=\"967\" src=\"https:\/\/annp.gov.py\/wp-content\/uploads\/2025\/08\/IMG_2530-1024x967.jpeg\" alt=\"\" class=\"wp-image-5401\" srcset=\"https:\/\/annp.gov.py\/wp-content\/uploads\/2025\/08\/IMG_2530-1024x967.jpeg 1024w, https:\/\/annp.gov.py\/wp-content\/uploads\/2025\/08\/IMG_2530-300x283.jpeg 300w, https:\/\/annp.gov.py\/wp-content\/uploads\/2025\/08\/IMG_2530-768x725.jpeg 768w, https:\/\/annp.gov.py\/wp-content\/uploads\/2025\/08\/IMG_2530.jpeg 1125w\" sizes=\"(max-width: 1024px) 100vw, 1024px\" \/><\/a><\/figure>\n\n\n\n<figure class=\"wp-block-image size-large\"><a href=\"https:\/\/annp.gov.py\/wp-content\/uploads\/2025\/08\/IMG_2531.jpeg\"><img decoding=\"async\" width=\"1024\" height=\"830\" src=\"https:\/\/annp.gov.py\/wp-content\/uploads\/2025\/08\/IMG_2531-1024x830.jpeg\" alt=\"\" class=\"wp-image-5403\" srcset=\"https:\/\/annp.gov.py\/wp-content\/uploads\/2025\/08\/IMG_2531-1024x830.jpeg 1024w, https:\/\/annp.gov.py\/wp-content\/uploads\/2025\/08\/IMG_2531-300x243.jpeg 300w, https:\/\/annp.gov.py\/wp-content\/uploads\/2025\/08\/IMG_2531-768x623.jpeg 768w, https:\/\/annp.gov.py\/wp-content\/uploads\/2025\/08\/IMG_2531.jpeg 1125w\" sizes=\"(max-width: 1024px) 100vw, 1024px\" \/><\/a><\/figure>\n\n\n\n<figure class=\"wp-block-image size-large\"><a href=\"https:\/\/annp.gov.py\/wp-content\/uploads\/2025\/08\/IMG_2532.jpeg\"><img decoding=\"async\" width=\"1024\" height=\"688\" src=\"https:\/\/annp.gov.py\/wp-content\/uploads\/2025\/08\/IMG_2532-1024x688.jpeg\" alt=\"\" class=\"wp-image-5404\" srcset=\"https:\/\/annp.gov.py\/wp-content\/uploads\/2025\/08\/IMG_2532-1024x688.jpeg 1024w, https:\/\/annp.gov.py\/wp-content\/uploads\/2025\/08\/IMG_2532-300x202.jpeg 300w, https:\/\/annp.gov.py\/wp-content\/uploads\/2025\/08\/IMG_2532-768x516.jpeg 768w, https:\/\/annp.gov.py\/wp-content\/uploads\/2025\/08\/IMG_2532.jpeg 1125w\" sizes=\"(max-width: 1024px) 100vw, 1024px\" \/><\/a><\/figure>\n\n\n\n<figure class=\"wp-block-image size-large\"><a href=\"https:\/\/annp.gov.py\/wp-content\/uploads\/2025\/08\/IMG_2533.jpeg\"><img loading=\"lazy\" decoding=\"async\" width=\"1024\" height=\"683\" src=\"https:\/\/annp.gov.py\/wp-content\/uploads\/2025\/08\/IMG_2533-1024x683.jpeg\" alt=\"\" class=\"wp-image-5405\" srcset=\"https:\/\/annp.gov.py\/wp-content\/uploads\/2025\/08\/IMG_2533-1024x683.jpeg 1024w, https:\/\/annp.gov.py\/wp-content\/uploads\/2025\/08\/IMG_2533-300x200.jpeg 300w, https:\/\/annp.gov.py\/wp-content\/uploads\/2025\/08\/IMG_2533-768x512.jpeg 768w, https:\/\/annp.gov.py\/wp-content\/uploads\/2025\/08\/IMG_2533-1200x800.jpeg 1200w, https:\/\/annp.gov.py\/wp-content\/uploads\/2025\/08\/IMG_2533.jpeg 1500w\" sizes=\"(max-width: 1024px) 100vw, 1024px\" \/><\/a><\/figure>\n","protected":false},"excerpt":{"rendered":"<p>El Titular de la Administraci\u00f3n Nacional de Navegaci\u00f3n y Puertos, Ing. Julio C\u00e9sar Vera C\u00e1ceres particip\u00f3 de la ceremonia de clausura de los Juegos Panamericanos Junior ASU 2025, el evento cont\u00f3 con la presencia del presidente de la Rep\u00fablica Santiago Pe\u00f1a, con esta ceremonia Paraguay se despidi\u00f3 de esta cita deportiva donde con orgullo la [&hellip;]<\/p>\n","protected":false},"author":6,"featured_media":5401,"comment_status":"open","ping_status":"closed","sticky":false,"template":"","format":"standard","meta":{"inline_featured_image":false,"footnotes":""},"categories":[35],"tags":[],"class_list":["post-5399","post","type-post","status-publish","format-standard","has-post-thumbnail","hentry","category-noticias"],"_links":{"self":[{"href":"https:\/\/annp.gov.py\/index.php?rest_route=\/wp\/v2\/posts\/5399","targetHints":{"allow":["GET"]}}],"collection":[{"href":"https:\/\/annp.gov.py\/index.php?rest_route=\/wp\/v2\/posts"}],"about":[{"href":"https:\/\/annp.gov.py\/index.php?rest_route=\/wp\/v2\/types\/post"}],"author":[{"embeddable":true,"href":"https:\/\/annp.gov.py\/index.php?rest_route=\/wp\/v2\/users\/6"}],"replies":[{"embeddable":true,"href":"https:\/\/annp.gov.py\/index.php?rest_route=%2Fwp%2Fv2%2Fcomments&post=5399"}],"version-history":[{"count":3,"href":"https:\/\/annp.gov.py\/index.php?rest_route=\/wp\/v2\/posts\/5399\/revisions"}],"predecessor-version":[{"id":5406,"href":"https:\/\/annp.gov.py\/index.php?rest_route=\/wp\/v2\/posts\/5399\/revisions\/5406"}],"wp:featuredmedia":[{"embeddable":true,"href":"https:\/\/annp.gov.py\/index.php?rest_route=\/wp\/v2\/media\/5401"}],"wp:attachment":[{"href":"https:\/\/annp.gov.py\/index.php?rest_route=%2Fwp%2Fv2%2Fmedia&parent=5399"}],"wp:term":[{"taxonomy":"category","embeddable":true,"href":"https:\/\/annp.gov.py\/index.php?rest_route=%2Fwp%2Fv2%2Fcategories&post=5399"},{"taxonomy":"post_tag","embeddable":true,"href":"https:\/\/annp.gov.py\/index.php?rest_route=%2Fwp%2Fv2%2Ftags&post=5399"}],"curies":[{"name":"wp","href":"https:\/\/api.w.org\/{rel}","templated":true}]}}