{"id":5659,"date":"2025-09-05T09:50:36","date_gmt":"2025-09-05T12:50:36","guid":{"rendered":"https:\/\/annp.gov.py\/?p=5659"},"modified":"2025-09-09T11:22:45","modified_gmt":"2025-09-09T14:22:45","slug":"avanza-integracion-fronteriza","status":"publish","type":"post","link":"https:\/\/annp.gov.py\/?p=5659","title":{"rendered":"AVANZA INTEGRACI\u00d3N FRONTERIZA"},"content":{"rendered":"\n<p>Reuni\u00f3n Bilateral, Brasil\u2013Paraguay del ACI Ponta Por\u00e3 \u2013 Pedro Juan Caballero<\/p>\n\n\n\n<p>La Administraci\u00f3n Nacional de Navegaci\u00f3n y Puertos (ANNP) form\u00f3 parte de la reciente Reuni\u00f3n Bilateral Brasil\u2013Paraguay del Subcomit\u00e9 T\u00e9cnico de Controles y Operaciones de Frontera (SCTCOF), celebrada en el \u00c1rea de Control Integrado (ACI) Ponta Por\u00e3 (Brasil) \u2013 Pedro Juan Caballero (Paraguay), en el marco de la Presidencia Pro T\u00e9mpore de Brasil en el MERCOSUR.<\/p>\n\n\n\n<p>En representaci\u00f3n de la ANNP participaron el Abog. \u00c1ngel Colm\u00e1n, Gerente General, la Mag. Lic. Jhancy Sanabria, Jefa de la Unidad de Relaciones Internacionales y el Sr. Miguel V\u00e1zquez, Asistente de la Unidad de Relaciones Internacionales.<\/p>\n\n\n\n<p>En la oportunidad se han abordado temas como:<\/p>\n\n\n\n<p>Confirmaci\u00f3n de la cabecera \u00fanica del lado paraguayo, en cumplimiento a la Resoluci\u00f3n GMC N\u00b0 29\/07.<\/p>\n\n\n\n<p>Presentaci\u00f3n de avances en infraestructura y mejoras en el ACI por parte de Paraguay.<\/p>\n\n\n\n<p>Exposici\u00f3n de Brasil sobre horarios y restricciones en controles migratorios y sanitarios.<\/p>\n\n\n\n<p>Preocupaci\u00f3n del sector privado por la retenci\u00f3n de camiones y pedidos de mayor seguridad y circulaci\u00f3n \u00e1gil.<\/p>\n\n\n\n<p>La ANNP anunci\u00f3 la implementaci\u00f3n de un nuevo flujo de ingreso de camiones en el puerto de Pedro Juan Caballero, orientado a optimizar el tr\u00e1nsito y reducir la congesti\u00f3n.<\/p>\n\n\n\n<p>Igualmente se ha realizado un recorrido en el ACI lado Paraguayo, en la Terminal Portuaria de Pedro Juan Caballero.<\/p>\n\n\n\n<p>Durante el encuentro la ANNP reafirm\u00f3 su compromiso con el desarrollo de la regi\u00f3n y el fortalecimiento de los procesos log\u00edsticos y de integraci\u00f3n en beneficio de ambos pa\u00edses.<\/p>\n\n\n\n<h1 class=\"wp-block-heading\">ANNP<\/h1>\n\n\n\n<h1 class=\"wp-block-heading\">GobiernoDelParaguay<\/h1>\n\n\n\n<figure class=\"wp-block-image size-large\"><a href=\"https:\/\/annp.gov.py\/wp-content\/uploads\/2025\/09\/IMG_4579.jpeg\"><img fetchpriority=\"high\" decoding=\"async\" width=\"1024\" height=\"601\" src=\"https:\/\/annp.gov.py\/wp-content\/uploads\/2025\/09\/IMG_4579-1024x601.jpeg\" alt=\"\" class=\"wp-image-5657\" srcset=\"https:\/\/annp.gov.py\/wp-content\/uploads\/2025\/09\/IMG_4579-1024x601.jpeg 1024w, https:\/\/annp.gov.py\/wp-content\/uploads\/2025\/09\/IMG_4579-300x176.jpeg 300w, https:\/\/annp.gov.py\/wp-content\/uploads\/2025\/09\/IMG_4579-768x451.jpeg 768w, https:\/\/annp.gov.py\/wp-content\/uploads\/2025\/09\/IMG_4579.jpeg 1125w\" sizes=\"(max-width: 1024px) 100vw, 1024px\" \/><\/a><\/figure>\n\n\n\n<figure class=\"wp-block-image size-large\"><a href=\"https:\/\/annp.gov.py\/wp-content\/uploads\/2025\/09\/IMG_4577.jpeg\"><img decoding=\"async\" width=\"1024\" height=\"666\" src=\"https:\/\/annp.gov.py\/wp-content\/uploads\/2025\/09\/IMG_4577-1024x666.jpeg\" alt=\"\" class=\"wp-image-5658\" srcset=\"https:\/\/annp.gov.py\/wp-content\/uploads\/2025\/09\/IMG_4577-1024x666.jpeg 1024w, https:\/\/annp.gov.py\/wp-content\/uploads\/2025\/09\/IMG_4577-300x195.jpeg 300w, https:\/\/annp.gov.py\/wp-content\/uploads\/2025\/09\/IMG_4577-768x500.jpeg 768w, https:\/\/annp.gov.py\/wp-content\/uploads\/2025\/09\/IMG_4577.jpeg 1125w\" sizes=\"(max-width: 1024px) 100vw, 1024px\" \/><\/a><\/figure>\n","protected":false},"excerpt":{"rendered":"<p>Reuni\u00f3n Bilateral, Brasil\u2013Paraguay del ACI Ponta Por\u00e3 \u2013 Pedro Juan Caballero La Administraci\u00f3n Nacional de Navegaci\u00f3n y Puertos (ANNP) form\u00f3 parte de la reciente Reuni\u00f3n Bilateral Brasil\u2013Paraguay del Subcomit\u00e9 T\u00e9cnico de Controles y Operaciones de Frontera (SCTCOF), celebrada en el \u00c1rea de Control Integrado (ACI) Ponta Por\u00e3 (Brasil) \u2013 Pedro Juan Caballero (Paraguay), en el [&hellip;]<\/p>\n","protected":false},"author":6,"featured_media":5657,"comment_status":"open","ping_status":"closed","sticky":false,"template":"","format":"standard","meta":{"inline_featured_image":false,"footnotes":""},"categories":[35],"tags":[],"class_list":["post-5659","post","type-post","status-publish","format-standard","has-post-thumbnail","hentry","category-noticias"],"_links":{"self":[{"href":"https:\/\/annp.gov.py\/index.php?rest_route=\/wp\/v2\/posts\/5659","targetHints":{"allow":["GET"]}}],"collection":[{"href":"https:\/\/annp.gov.py\/index.php?rest_route=\/wp\/v2\/posts"}],"about":[{"href":"https:\/\/annp.gov.py\/index.php?rest_route=\/wp\/v2\/types\/post"}],"author":[{"embeddable":true,"href":"https:\/\/annp.gov.py\/index.php?rest_route=\/wp\/v2\/users\/6"}],"replies":[{"embeddable":true,"href":"https:\/\/annp.gov.py\/index.php?rest_route=%2Fwp%2Fv2%2Fcomments&post=5659"}],"version-history":[{"count":1,"href":"https:\/\/annp.gov.py\/index.php?rest_route=\/wp\/v2\/posts\/5659\/revisions"}],"predecessor-version":[{"id":5660,"href":"https:\/\/annp.gov.py\/index.php?rest_route=\/wp\/v2\/posts\/5659\/revisions\/5660"}],"wp:featuredmedia":[{"embeddable":true,"href":"https:\/\/annp.gov.py\/index.php?rest_route=\/wp\/v2\/media\/5657"}],"wp:attachment":[{"href":"https:\/\/annp.gov.py\/index.php?rest_route=%2Fwp%2Fv2%2Fmedia&parent=5659"}],"wp:term":[{"taxonomy":"category","embeddable":true,"href":"https:\/\/annp.gov.py\/index.php?rest_route=%2Fwp%2Fv2%2Fcategories&post=5659"},{"taxonomy":"post_tag","embeddable":true,"href":"https:\/\/annp.gov.py\/index.php?rest_route=%2Fwp%2Fv2%2Ftags&post=5659"}],"curies":[{"name":"wp","href":"https:\/\/api.w.org\/{rel}","templated":true}]}}